{"id":395,"date":"2026-08-27T23:29:15","date_gmt":"2026-08-27T23:29:15","guid":{"rendered":"https:\/\/revistafankpop.com\/?p=395"},"modified":"2026-08-27T23:31:59","modified_gmt":"2026-08-27T23:31:59","slug":"chaeryeong-confirma-su-debut-en-solitario-para-noviembre","status":"publish","type":"post","link":"https:\/\/revistafankpop.com\/?p=395","title":{"rendered":"Chaeryeong confirma su debut en solitario para noviembre"},"content":{"rendered":"\n<p class=\"wp-block-paragraph\">Despu\u00e9s de casi ocho a\u00f1os desde su debut con ITZY, Chaeryeong finalmente dar\u00e1 el siguiente paso en su carrera y debutar\u00e1 como solista en noviembre de 2026.<br><br>JYP Entertainment confirm\u00f3 la noticia este 27 de agosto, luego de un reporte de JTBC Entertainment News. La agencia se\u00f1al\u00f3 que Chaeryeong se encuentra preparando un \u00e1lbum con el objetivo de lanzarlo en noviembre y que la producci\u00f3n de su video musical ya est\u00e1 en marcha.<br><br><strong>La tercera integrante de ITZY en debutar como solista<\/strong><br><br>Con este lanzamiento, Chaeryeong se convertir\u00e1 en la tercera integrante de ITZY en iniciar oficialmente una carrera en solitario, despu\u00e9s de Yeji y Yuna.<br><br>Yeji fue la primera en dar este paso en 2025 con \u201cAir\u201d, mientras que Yuna hizo lo propio en 2026 con \u201cIce Cream\u201d. Ahora ser\u00e1 el turno de Chaeryeong, quien tendr\u00e1 la oportunidad de mostrar una faceta art\u00edstica propia m\u00e1s all\u00e1 del trabajo que ha realizado junto al grupo.<\/p>\n\n\n\n<figure data-spectra-id=\"spectra-1222e403-acc4-412a-8047-8950741a659f\" class=\"wp-block-image size-large\"><img loading=\"lazy\" decoding=\"async\" width=\"1000\" height=\"563\" src=\"https:\/\/revistafankpop.com\/wp-content\/uploads\/2026\/08\/1661423553-20220825-itzy8687206876414158480.jpg\" alt=\"\" class=\"wp-image-394\" srcset=\"https:\/\/revistafankpop.com\/wp-content\/uploads\/2026\/08\/1661423553-20220825-itzy8687206876414158480.jpg 1000w, https:\/\/revistafankpop.com\/wp-content\/uploads\/2026\/08\/1661423553-20220825-itzy8687206876414158480-300x169.jpg 300w, https:\/\/revistafankpop.com\/wp-content\/uploads\/2026\/08\/1661423553-20220825-itzy8687206876414158480-768x432.jpg 768w\" sizes=\"auto, (max-width: 1000px) 100vw, 1000px\" \/><figcaption class=\"wp-element-caption\">Cortes\u00eda <\/figcaption><\/figure>\n\n\n\n<p class=\"wp-block-paragraph\"><br>U<strong>na faceta que ya hab\u00eda comenzado a mostrar<\/strong><br><br>Aunque el anuncio llega hasta ahora, Chaeryeong ya hab\u00eda dado algunas pistas de lo que pod\u00eda ofrecer como solista.<br><br>En mayo de este a\u00f1o, ITZY lanz\u00f3 su duod\u00e9cimo mini\u00e1lbum, Motto, que incluy\u00f3 una canci\u00f3n individual para cada integrante. Chaeryeong present\u00f3 \u201cUndefined\u201d, un tema que adem\u00e1s hab\u00eda interpretado previamente durante la gira del grupo.<br><br>Aquella presentaci\u00f3n permiti\u00f3 conocer un poco m\u00e1s de su estilo individual y dej\u00f3 abierta la expectativa sobre c\u00f3mo podr\u00eda sonar un proyecto completamente suyo.<br><br>I<strong>TZY continuar\u00e1 como grupo<\/strong><br><\/p>\n\n\n\n<figure data-spectra-id=\"spectra-2e5d3856-bb64-4c40-a05f-fdc3695668dc\" class=\"wp-block-image size-large\"><img loading=\"lazy\" decoding=\"async\" width=\"1024\" height=\"625\" src=\"https:\/\/revistafankpop.com\/wp-content\/uploads\/2026\/08\/itzy-diskografie-6473388223243645024390654-1024x625.jpg\" alt=\"\" class=\"wp-image-398\" srcset=\"https:\/\/revistafankpop.com\/wp-content\/uploads\/2026\/08\/itzy-diskografie-6473388223243645024390654-1024x625.jpg 1024w, https:\/\/revistafankpop.com\/wp-content\/uploads\/2026\/08\/itzy-diskografie-6473388223243645024390654-300x183.jpg 300w, https:\/\/revistafankpop.com\/wp-content\/uploads\/2026\/08\/itzy-diskografie-6473388223243645024390654-768x468.jpg 768w, https:\/\/revistafankpop.com\/wp-content\/uploads\/2026\/08\/itzy-diskografie-6473388223243645024390654-1536x937.jpg 1536w, https:\/\/revistafankpop.com\/wp-content\/uploads\/2026\/08\/itzy-diskografie-6473388223243645024390654.jpg 1920w\" sizes=\"auto, (max-width: 1024px) 100vw, 1024px\" \/><figcaption class=\"wp-element-caption\">Cortes\u00eda <\/figcaption><\/figure>\n\n\n\n<p class=\"wp-block-paragraph\"><br>El debut de Chaeryeong llegar\u00e1 mientras ITZY contin\u00faa con sus actividades como quinteto. Actualmente, las integrantes se encuentran realizando su tercera gira mundial, \u201cTUNNEL VISION\u201d, que comenz\u00f3 en febrero y est\u00e1 programada para concluir en octubre de 2026.<br><br>Por ahora, JYP Entertainment no ha revelado el nombre del \u00e1lbum, la fecha exacta de lanzamiento ni el tracklist. Esos detalles se anunciar\u00e1n m\u00e1s adelante.<br><br>Para Chaeryeong, este debut representa una nueva oportunidad para poner en primer plano una de las cualidades que m\u00e1s la han distinguido dentro de ITZY: su capacidad para transmitir emociones a trav\u00e9s del baile y la interpretaci\u00f3n, ahora desde una propuesta completamente individual.<\/p>\n<div style=\"margin-top: 0px; margin-bottom: 0px;\" class=\"sharethis-inline-reaction-buttons\" ><\/div>","protected":false},"excerpt":{"rendered":"<p>Despu\u00e9s de casi ocho a\u00f1os desde su debut con ITZY, Chaeryeong finalmente dar\u00e1 el siguiente paso en su carrera y debutar\u00e1 como solista en noviembre de 2026. JYP Entertainment confirm\u00f3 la noticia este 27 de agosto, luego de un reporte de JTBC Entertainment News. La agencia se\u00f1al\u00f3 que Chaeryeong se encuentra preparando un \u00e1lbum con [&hellip;]<\/p>\n","protected":false},"author":3,"featured_media":397,"comment_status":"open","ping_status":"open","sticky":false,"template":"","format":"standard","meta":{"_uag_custom_page_level_css":"","_monsterinsights_skip_tracking":false,"_jetpack_newsletter_access":"","_jetpack_dont_email_post_to_subs":false,"_jetpack_newsletter_tier_id":0,"_jetpack_memberships_contains_paywalled_content":false,"_jetpack_feature_clip_id":0,"_jetpack_memberships_contains_paid_content":false,"footnotes":"","jetpack_post_was_ever_published":false},"categories":[8,18],"tags":[],"class_list":["post-395","post","type-post","status-publish","format-standard","has-post-thumbnail","hentry","category-corea","category-k-pop"],"uagb_featured_image_src":{"full":["https:\/\/revistafankpop.com\/wp-content\/uploads\/2026\/08\/featured_img_2342179477393403806.jpg",900,600,false],"thumbnail":["https:\/\/revistafankpop.com\/wp-content\/uploads\/2026\/08\/featured_img_2342179477393403806-150x150.jpg",150,150,true],"medium":["https:\/\/revistafankpop.com\/wp-content\/uploads\/2026\/08\/featured_img_2342179477393403806-300x200.jpg",300,200,true],"medium_large":["https:\/\/revistafankpop.com\/wp-content\/uploads\/2026\/08\/featured_img_2342179477393403806-768x512.jpg",768,512,true],"large":["https:\/\/revistafankpop.com\/wp-content\/uploads\/2026\/08\/featured_img_2342179477393403806.jpg",900,600,false],"1536x1536":["https:\/\/revistafankpop.com\/wp-content\/uploads\/2026\/08\/featured_img_2342179477393403806.jpg",900,600,false],"2048x2048":["https:\/\/revistafankpop.com\/wp-content\/uploads\/2026\/08\/featured_img_2342179477393403806.jpg",900,600,false]},"uagb_author_info":{"display_name":"Victor Alvarado","author_link":"https:\/\/revistafankpop.com\/author\/victor-alvarado"},"uagb_comment_info":0,"uagb_excerpt":"Despu\u00e9s de casi ocho a\u00f1os desde su debut con ITZY, Chaeryeong finalmente dar\u00e1 el siguiente paso en su carrera y debutar\u00e1 como solista en noviembre de 2026. JYP Entertainment confirm\u00f3 la noticia este 27 de agosto, luego de un reporte de JTBC Entertainment News. La agencia se\u00f1al\u00f3 que Chaeryeong se encuentra preparando un \u00e1lbum con&hellip;","jetpack_sharing_enabled":true,"jetpack_featured_media_url":"https:\/\/revistafankpop.com\/wp-content\/uploads\/2026\/08\/featured_img_2342179477393403806.jpg","_links":{"self":[{"href":"https:\/\/revistafankpop.com\/index.php?rest_route=\/wp\/v2\/posts\/395","targetHints":{"allow":["GET"]}}],"collection":[{"href":"https:\/\/revistafankpop.com\/index.php?rest_route=\/wp\/v2\/posts"}],"about":[{"href":"https:\/\/revistafankpop.com\/index.php?rest_route=\/wp\/v2\/types\/post"}],"author":[{"embeddable":true,"href":"https:\/\/revistafankpop.com\/index.php?rest_route=\/wp\/v2\/users\/3"}],"replies":[{"embeddable":true,"href":"https:\/\/revistafankpop.com\/index.php?rest_route=%2Fwp%2Fv2%2Fcomments&post=395"}],"version-history":[{"count":2,"href":"https:\/\/revistafankpop.com\/index.php?rest_route=\/wp\/v2\/posts\/395\/revisions"}],"predecessor-version":[{"id":399,"href":"https:\/\/revistafankpop.com\/index.php?rest_route=\/wp\/v2\/posts\/395\/revisions\/399"}],"wp:featuredmedia":[{"embeddable":true,"href":"https:\/\/revistafankpop.com\/index.php?rest_route=\/wp\/v2\/media\/397"}],"wp:attachment":[{"href":"https:\/\/revistafankpop.com\/index.php?rest_route=%2Fwp%2Fv2%2Fmedia&parent=395"}],"wp:term":[{"taxonomy":"category","embeddable":true,"href":"https:\/\/revistafankpop.com\/index.php?rest_route=%2Fwp%2Fv2%2Fcategories&post=395"},{"taxonomy":"post_tag","embeddable":true,"href":"https:\/\/revistafankpop.com\/index.php?rest_route=%2Fwp%2Fv2%2Ftags&post=395"}],"curies":[{"name":"wp","href":"https:\/\/api.w.org\/{rel}","templated":true}]}}