{"id":387,"date":"2026-08-26T23:20:32","date_gmt":"2026-08-26T23:20:32","guid":{"rendered":"https:\/\/revistafankpop.com\/?p=387"},"modified":"2026-08-26T23:32:34","modified_gmt":"2026-08-26T23:32:34","slug":"txt-regresa-a-mexico-con-su-gira-mundial-steal-the-wind","status":"publish","type":"post","link":"https:\/\/revistafankpop.com\/?p=387","title":{"rendered":"TXT regresa a M\u00e9xico con su gira mundial &#8220;STEAL THE WIND&#8221;"},"content":{"rendered":"\n<p class=\"wp-block-paragraph\"><br \/><strong>BIGHIT MUSIC<\/strong> anunci\u00f3 oficialmente este 27 de agosto las primeras fechas de la nueva gira mundial de TOMORROW X TOGETHER, titulada &#8220;STEAL THE WIND&#8221;, en la que la Ciudad de M\u00e9xico aparece como una de las paradas confirmadas. El grupo integrado por Soobin, Yeonjun, Beomgyu, Taehyun y Hueningkai iniciar\u00e1 su recorrido con tres presentaciones consecutivas en Se\u00fal, del 13 al 15 de noviembre, para luego extenderse por Asia, Norteam\u00e9rica y Europa.<\/p>\n\n\n\n<figure data-spectra-id=\"spectra-120e7f3b-4986-4c04-8a3c-5feeaf488a86\" class=\"wp-block-image size-large\"><img loading=\"lazy\" decoding=\"async\" width=\"723\" height=\"1024\" src=\"https:\/\/revistafankpop.com\/wp-content\/uploads\/2026\/08\/weverse_20260826093747_15960759386669949225-723x1024.jpg\" alt=\"\" class=\"wp-image-386\" srcset=\"https:\/\/revistafankpop.com\/wp-content\/uploads\/2026\/08\/weverse_20260826093747_15960759386669949225-723x1024.jpg 723w, https:\/\/revistafankpop.com\/wp-content\/uploads\/2026\/08\/weverse_20260826093747_15960759386669949225-212x300.jpg 212w, https:\/\/revistafankpop.com\/wp-content\/uploads\/2026\/08\/weverse_20260826093747_15960759386669949225-768x1087.jpg 768w, https:\/\/revistafankpop.com\/wp-content\/uploads\/2026\/08\/weverse_20260826093747_15960759386669949225-1085x1536.jpg 1085w, https:\/\/revistafankpop.com\/wp-content\/uploads\/2026\/08\/weverse_20260826093747_15960759386669949225.jpg 1413w\" sizes=\"auto, (max-width: 723px) 100vw, 723px\" \/><\/figure>\n\n\n\n<p class=\"wp-block-paragraph\"><br> <br><strong>Fecha en M\u00e9xico<\/strong><br> <br>La presentaci\u00f3n en la capital mexicana est\u00e1 programada para el 12 de mayo de 2027, siendo hasta el momento la \u00fanica parada confirmada en Latinoam\u00e9rica. La agencia se\u00f1al\u00f3 que se anunciar\u00e1n m\u00e1s fechas pr\u00f3ximamente. Por el momento, no se han revelado detalles sobre el recinto, precios ni fechas de preventa y venta general de boletos.<br> <br><strong>Un regreso hist\u00f3rico<\/strong><br> <br>Esta visita tendr\u00e1 un significado especial para MOA en M\u00e9xico: ser\u00e1 la primera vez que TXT realice un concierto en solitario en el pa\u00eds, ya que su \u00fanica presentaci\u00f3n anterior fue como parte del festival AXE Ceremonia en abril de 2025, en el Parque Bicentenario. En aquella ocasi\u00f3n, el grupo sorprendi\u00f3 al p\u00fablico interpretando un cover de &#8220;Eres para m\u00ed&#8221; de Julieta Venegas.<br> <br> <br>El anuncio de la gira coincide con una etapa activa en la producci\u00f3n musical del grupo: en abril de 2026 lanzaron su octavo mini\u00e1lbum &#8220;7TH YEAR: A Moment of Stillness in the Thorns&#8221;, y en agosto publicaron su quinto sencillo en japon\u00e9s, &#8220;Setsuna Hanabi&#8221;.<br> <br>\u00a0<br> <br>\ud83d\udccc <strong>Informaci\u00f3n por confirmar:<\/strong><br> <br>&#8211; Recinto del concierto en Ciudad de M\u00e9xico<br>&#8211; Fechas de preventa y venta general<br>&#8211; Precios de entradas<br>&#8211; Posibles fechas adicionales en Latinoam\u00e9rica<br> <br>BIGHIT MUSIC indic\u00f3 que se dar\u00e1n a conocer m\u00e1s detalles en los pr\u00f3ximos meses a trav\u00e9s de sus canales oficiales y del sitio de la gira en : <a href=\"https:\/\/ibighit.com\/en\/txt\/tour\/\" rel=\"nofollow noopener\" target=\"_blank\">https:\/\/ibighit.com\/en\/txt\/tour\/<\/a><\/p>\n<div style=\"margin-top: 0px; margin-bottom: 0px;\" class=\"sharethis-inline-reaction-buttons\" ><\/div>","protected":false},"excerpt":{"rendered":"<p>BIGHIT MUSIC anunci\u00f3 oficialmente este 27 de agosto las primeras fechas de la nueva gira mundial de TOMORROW X TOGETHER, titulada &#8220;STEAL THE WIND&#8221;, en la que la Ciudad de M\u00e9xico aparece como una de las paradas confirmadas. El grupo integrado por Soobin, Yeonjun, Beomgyu, Taehyun y Hueningkai iniciar\u00e1 su recorrido con tres presentaciones consecutivas [&hellip;]<\/p>\n","protected":false},"author":3,"featured_media":389,"comment_status":"open","ping_status":"open","sticky":false,"template":"","format":"standard","meta":{"_uag_custom_page_level_css":"","_monsterinsights_skip_tracking":false,"_jetpack_newsletter_access":"","_jetpack_dont_email_post_to_subs":false,"_jetpack_newsletter_tier_id":0,"_jetpack_memberships_contains_paywalled_content":false,"_jetpack_feature_clip_id":0,"_jetpack_memberships_contains_paid_content":false,"footnotes":"","jetpack_post_was_ever_published":false},"categories":[9,8,18],"tags":[],"class_list":["post-387","post","type-post","status-publish","format-standard","has-post-thumbnail","hentry","category-conciertos","category-corea","category-k-pop"],"uagb_featured_image_src":{"full":["https:\/\/revistafankpop.com\/wp-content\/uploads\/2026\/08\/featured_img_6779715784576847630-scaled.png",2560,1561,false],"thumbnail":["https:\/\/revistafankpop.com\/wp-content\/uploads\/2026\/08\/featured_img_6779715784576847630-150x150.png",150,150,true],"medium":["https:\/\/revistafankpop.com\/wp-content\/uploads\/2026\/08\/featured_img_6779715784576847630-300x183.png",300,183,true],"medium_large":["https:\/\/revistafankpop.com\/wp-content\/uploads\/2026\/08\/featured_img_6779715784576847630-768x468.png",768,468,true],"large":["https:\/\/revistafankpop.com\/wp-content\/uploads\/2026\/08\/featured_img_6779715784576847630-1024x624.png",1024,624,true],"1536x1536":["https:\/\/revistafankpop.com\/wp-content\/uploads\/2026\/08\/featured_img_6779715784576847630-1536x937.png",1536,937,true],"2048x2048":["https:\/\/revistafankpop.com\/wp-content\/uploads\/2026\/08\/featured_img_6779715784576847630-2048x1249.png",2048,1249,true]},"uagb_author_info":{"display_name":"Victor Alvarado","author_link":"https:\/\/revistafankpop.com\/author\/victor-alvarado"},"uagb_comment_info":0,"uagb_excerpt":"BIGHIT MUSIC anunci\u00f3 oficialmente este 27 de agosto las primeras fechas de la nueva gira mundial de TOMORROW X TOGETHER, titulada &#8220;STEAL THE WIND&#8221;, en la que la Ciudad de M\u00e9xico aparece como una de las paradas confirmadas. El grupo integrado por Soobin, Yeonjun, Beomgyu, Taehyun y Hueningkai iniciar\u00e1 su recorrido con tres presentaciones consecutivas&hellip;","jetpack_sharing_enabled":true,"jetpack_featured_media_url":"https:\/\/revistafankpop.com\/wp-content\/uploads\/2026\/08\/featured_img_6779715784576847630-scaled.png","_links":{"self":[{"href":"https:\/\/revistafankpop.com\/index.php?rest_route=\/wp\/v2\/posts\/387","targetHints":{"allow":["GET"]}}],"collection":[{"href":"https:\/\/revistafankpop.com\/index.php?rest_route=\/wp\/v2\/posts"}],"about":[{"href":"https:\/\/revistafankpop.com\/index.php?rest_route=\/wp\/v2\/types\/post"}],"author":[{"embeddable":true,"href":"https:\/\/revistafankpop.com\/index.php?rest_route=\/wp\/v2\/users\/3"}],"replies":[{"embeddable":true,"href":"https:\/\/revistafankpop.com\/index.php?rest_route=%2Fwp%2Fv2%2Fcomments&post=387"}],"version-history":[{"count":5,"href":"https:\/\/revistafankpop.com\/index.php?rest_route=\/wp\/v2\/posts\/387\/revisions"}],"predecessor-version":[{"id":393,"href":"https:\/\/revistafankpop.com\/index.php?rest_route=\/wp\/v2\/posts\/387\/revisions\/393"}],"wp:featuredmedia":[{"embeddable":true,"href":"https:\/\/revistafankpop.com\/index.php?rest_route=\/wp\/v2\/media\/389"}],"wp:attachment":[{"href":"https:\/\/revistafankpop.com\/index.php?rest_route=%2Fwp%2Fv2%2Fmedia&parent=387"}],"wp:term":[{"taxonomy":"category","embeddable":true,"href":"https:\/\/revistafankpop.com\/index.php?rest_route=%2Fwp%2Fv2%2Fcategories&post=387"},{"taxonomy":"post_tag","embeddable":true,"href":"https:\/\/revistafankpop.com\/index.php?rest_route=%2Fwp%2Fv2%2Ftags&post=387"}],"curies":[{"name":"wp","href":"https:\/\/api.w.org\/{rel}","templated":true}]}}