{"id":124,"date":"2026-08-01T05:49:48","date_gmt":"2026-08-01T05:49:48","guid":{"rendered":"https:\/\/revistafankpop.com\/?p=124"},"modified":"2026-08-13T03:19:16","modified_gmt":"2026-08-13T03:19:16","slug":"korea-spotlight-mexico-2026-confirma-a-winner-y-dayoung-en-su-primer-cartel","status":"publish","type":"post","link":"https:\/\/revistafankpop.com\/?p=124","title":{"rendered":"Korea Spotlight M\u00e9xico 2026 confirma a WINNER y DAYOUNG en su primer cartel"},"content":{"rendered":"\n<p class=\"wp-block-paragraph\">El festival Korea Spotlight volver\u00e1 a la Ciudad de M\u00e9xico el pr\u00f3ximo 26 de septiembre de 2026 con una nueva edici\u00f3n que reunir\u00e1 a destacados representantes de la m\u00fasica coreana. En esta ocasi\u00f3n, el evento se realizar\u00e1 en el Pepsi Center WTC, donde los asistentes podr\u00e1n disfrutar de una propuesta musical que contin\u00faa ampliando su presencia en M\u00e9xico.<br \/><br \/>Como parte del primer anuncio oficial, la organizaci\u00f3n confirm\u00f3 la participaci\u00f3n del grupo WINNER y de la solista DAYOUNG, quienes encabezan la primera fase del cartel. Adem\u00e1s, adelant\u00f3 que en las pr\u00f3ximas semanas se revelar\u00e1n m\u00e1s artistas que se sumar\u00e1n al festival.<br \/><\/p>\n\n\n\n<p class=\"wp-block-paragraph\"><\/p>\n\n\n\n<figure data-spectra-id=\"spectra-f9af7908-c02b-4d8c-a5f5-fec0b8fc02a6\" class=\"wp-block-image size-large\"><img loading=\"lazy\" decoding=\"async\" width=\"760\" height=\"1024\" src=\"https:\/\/revistafankpop.com\/wp-content\/uploads\/2026\/08\/730332201_18167080894402729_370123036580019838_n735886779058079363-760x1024.jpg\" alt=\"\" class=\"wp-image-123\" srcset=\"https:\/\/revistafankpop.com\/wp-content\/uploads\/2026\/08\/730332201_18167080894402729_370123036580019838_n735886779058079363-760x1024.jpg 760w, https:\/\/revistafankpop.com\/wp-content\/uploads\/2026\/08\/730332201_18167080894402729_370123036580019838_n735886779058079363-223x300.jpg 223w, https:\/\/revistafankpop.com\/wp-content\/uploads\/2026\/08\/730332201_18167080894402729_370123036580019838_n735886779058079363-768x1035.jpg 768w, https:\/\/revistafankpop.com\/wp-content\/uploads\/2026\/08\/730332201_18167080894402729_370123036580019838_n735886779058079363-1140x1536.jpg 1140w, https:\/\/revistafankpop.com\/wp-content\/uploads\/2026\/08\/730332201_18167080894402729_370123036580019838_n735886779058079363.jpg 1170w\" sizes=\"auto, (max-width: 760px) 100vw, 760px\" \/><figcaption class=\"wp-element-caption\">Cortes\u00eda de: 2026k_expomexico<\/figcaption><\/figure>\n\n\n\n<p class=\"wp-block-paragraph\"><br><br>Korea Spotlight es una plataforma internacional impulsada por la Agencia Coreana de Promoci\u00f3n de Contenidos (KOCCA), con el respaldo del Ministerio de Cultura, Deportes y Turismo de Corea del Sur. Su objetivo es acercar al p\u00fablico internacional a la diversidad de la escena musical coreana, promoviendo g\u00e9neros que van desde el rock, indie y hip-hop hasta propuestas de K-pop alternativo.<br><br>A lo largo de sus ediciones, el festival ha buscado fortalecer el intercambio cultural entre Corea del Sur y M\u00e9xico, consolid\u00e1ndose como un espacio para descubrir nuevos talentos y acercar diferentes expresiones musicales al p\u00fablico mexicano. Su crecimiento tambi\u00e9n se ha reflejado en la respuesta de los asistentes, con ediciones anteriores que registraron una alta convocatoria en recintos como el Auditorio BB.<\/p>\n\n\n\n<figure data-spectra-id=\"spectra-054c8258-92f5-43e2-9804-258f981ef046\" class=\"wp-block-image size-large\"><img loading=\"lazy\" decoding=\"async\" width=\"768\" height=\"1024\" src=\"https:\/\/revistafankpop.com\/wp-content\/uploads\/2026\/08\/758671453_18418900819196427_6480762332040713056_n-18271293587414100469-768x1024.jpg\" alt=\"\" class=\"wp-image-127\" srcset=\"https:\/\/revistafankpop.com\/wp-content\/uploads\/2026\/08\/758671453_18418900819196427_6480762332040713056_n-18271293587414100469-768x1024.jpg 768w, https:\/\/revistafankpop.com\/wp-content\/uploads\/2026\/08\/758671453_18418900819196427_6480762332040713056_n-18271293587414100469-225x300.jpg 225w, https:\/\/revistafankpop.com\/wp-content\/uploads\/2026\/08\/758671453_18418900819196427_6480762332040713056_n-18271293587414100469-1152x1536.jpg 1152w, https:\/\/revistafankpop.com\/wp-content\/uploads\/2026\/08\/758671453_18418900819196427_6480762332040713056_n-18271293587414100469.jpg 1170w\" sizes=\"auto, (max-width: 768px) 100vw, 768px\" \/><\/figure>\n\n\n\n<p class=\"wp-block-paragraph\"><br \/><br \/>Por ahora, la organizaci\u00f3n no ha dado a conocer los precios de los boletos ni las fechas de venta. Estos detalles, junto con el resto del cartel, se anunciar\u00e1n de manera gradual a trav\u00e9s de los canales oficiales del festival.<\/p>\n<div style=\"margin-top: 0px; margin-bottom: 0px;\" class=\"sharethis-inline-reaction-buttons\" ><\/div>","protected":false},"excerpt":{"rendered":"<p>El festival respaldado por KOCCA se llevar\u00e1 a cabo el pr\u00f3ximo 26 de septiembre de 2026 en el Pepsi Center WTC de la Ciudad de M\u00e9xico y ya revel\u00f3 a los primeros artistas que formar\u00e1n parte de su cartel.<\/p>\n","protected":false},"author":3,"featured_media":130,"comment_status":"open","ping_status":"open","sticky":false,"template":"","format":"standard","meta":{"_uag_custom_page_level_css":"","_monsterinsights_skip_tracking":false,"_jetpack_newsletter_access":"","_jetpack_dont_email_post_to_subs":false,"_jetpack_newsletter_tier_id":0,"_jetpack_memberships_contains_paywalled_content":false,"_jetpack_feature_clip_id":0,"_jetpack_memberships_contains_paid_content":false,"footnotes":"","jetpack_post_was_ever_published":false},"categories":[10,9,8],"tags":[],"class_list":["post-124","post","type-post","status-publish","format-standard","has-post-thumbnail","hentry","category-kultura","category-conciertos","category-corea"],"uagb_featured_image_src":{"full":["https:\/\/revistafankpop.com\/wp-content\/uploads\/2026\/08\/featured_img_2208237561038270581.png",735,520,false],"thumbnail":["https:\/\/revistafankpop.com\/wp-content\/uploads\/2026\/08\/featured_img_2208237561038270581-150x150.png",150,150,true],"medium":["https:\/\/revistafankpop.com\/wp-content\/uploads\/2026\/08\/featured_img_2208237561038270581-300x212.png",300,212,true],"medium_large":["https:\/\/revistafankpop.com\/wp-content\/uploads\/2026\/08\/featured_img_2208237561038270581.png",735,520,false],"large":["https:\/\/revistafankpop.com\/wp-content\/uploads\/2026\/08\/featured_img_2208237561038270581.png",735,520,false],"1536x1536":["https:\/\/revistafankpop.com\/wp-content\/uploads\/2026\/08\/featured_img_2208237561038270581.png",735,520,false],"2048x2048":["https:\/\/revistafankpop.com\/wp-content\/uploads\/2026\/08\/featured_img_2208237561038270581.png",735,520,false]},"uagb_author_info":{"display_name":"Victor Alvarado","author_link":"https:\/\/revistafankpop.com\/author\/victor-alvarado"},"uagb_comment_info":0,"uagb_excerpt":"El festival respaldado por KOCCA se llevar\u00e1 a cabo el pr\u00f3ximo 26 de septiembre de 2026 en el Pepsi Center WTC de la Ciudad de M\u00e9xico y ya revel\u00f3 a los primeros artistas que formar\u00e1n parte de su cartel.","jetpack_sharing_enabled":true,"jetpack_featured_media_url":"https:\/\/revistafankpop.com\/wp-content\/uploads\/2026\/08\/featured_img_2208237561038270581.png","_links":{"self":[{"href":"https:\/\/revistafankpop.com\/index.php?rest_route=\/wp\/v2\/posts\/124","targetHints":{"allow":["GET"]}}],"collection":[{"href":"https:\/\/revistafankpop.com\/index.php?rest_route=\/wp\/v2\/posts"}],"about":[{"href":"https:\/\/revistafankpop.com\/index.php?rest_route=\/wp\/v2\/types\/post"}],"author":[{"embeddable":true,"href":"https:\/\/revistafankpop.com\/index.php?rest_route=\/wp\/v2\/users\/3"}],"replies":[{"embeddable":true,"href":"https:\/\/revistafankpop.com\/index.php?rest_route=%2Fwp%2Fv2%2Fcomments&post=124"}],"version-history":[{"count":4,"href":"https:\/\/revistafankpop.com\/index.php?rest_route=\/wp\/v2\/posts\/124\/revisions"}],"predecessor-version":[{"id":131,"href":"https:\/\/revistafankpop.com\/index.php?rest_route=\/wp\/v2\/posts\/124\/revisions\/131"}],"wp:featuredmedia":[{"embeddable":true,"href":"https:\/\/revistafankpop.com\/index.php?rest_route=\/wp\/v2\/media\/130"}],"wp:attachment":[{"href":"https:\/\/revistafankpop.com\/index.php?rest_route=%2Fwp%2Fv2%2Fmedia&parent=124"}],"wp:term":[{"taxonomy":"category","embeddable":true,"href":"https:\/\/revistafankpop.com\/index.php?rest_route=%2Fwp%2Fv2%2Fcategories&post=124"},{"taxonomy":"post_tag","embeddable":true,"href":"https:\/\/revistafankpop.com\/index.php?rest_route=%2Fwp%2Fv2%2Ftags&post=124"}],"curies":[{"name":"wp","href":"https:\/\/api.w.org\/{rel}","templated":true}]}}